{"id":332,"date":"2026-04-09T15:16:14","date_gmt":"2026-04-09T15:16:14","guid":{"rendered":"https:\/\/invatarecontinua.assoc.ro\/?p=332"},"modified":"2026-04-09T15:16:14","modified_gmt":"2026-04-09T15:16:14","slug":"fiecare-dintre-noi-avem-dreptul-la-o-educatie-egala","status":"publish","type":"post","link":"https:\/\/invatarecontinua.assoc.ro\/?p=332","title":{"rendered":"13 Octombrie 2021: Fiecare dintre noi avem dreptul la o educa\u021bie egal\u0103"},"content":{"rendered":"<p><img fetchpriority=\"high\" decoding=\"async\" class=\"alignnone size-full wp-image-333\" src=\"https:\/\/invatarecontinua.assoc.ro\/wp-content\/uploads\/2022\/01\/2021_Octombrie13_135494_02.jpg\" alt=\"\" width=\"2016\" height=\"1134\" srcset=\"https:\/\/invatarecontinua.assoc.ro\/wp-content\/uploads\/2022\/01\/2021_Octombrie13_135494_02.jpg 2016w, https:\/\/invatarecontinua.assoc.ro\/wp-content\/uploads\/2022\/01\/2021_Octombrie13_135494_02-300x169.jpg 300w, https:\/\/invatarecontinua.assoc.ro\/wp-content\/uploads\/2022\/01\/2021_Octombrie13_135494_02-1024x576.jpg 1024w, https:\/\/invatarecontinua.assoc.ro\/wp-content\/uploads\/2022\/01\/2021_Octombrie13_135494_02-768x432.jpg 768w, https:\/\/invatarecontinua.assoc.ro\/wp-content\/uploads\/2022\/01\/2021_Octombrie13_135494_02-1536x864.jpg 1536w, https:\/\/invatarecontinua.assoc.ro\/wp-content\/uploads\/2022\/01\/2021_Octombrie13_135494_02-1200x675.jpg 1200w, https:\/\/invatarecontinua.assoc.ro\/wp-content\/uploads\/2022\/01\/2021_Octombrie13_135494_02-1980x1114.jpg 1980w\" sizes=\"(max-width: 2016px) 100vw, 2016px\" \/>Fiecare dintre noi avem dreptul la o educa\u021bie egal\u0103, astfel c\u0103 ar trebui s\u0103 ne intereseze educa\u021bia proprie, acumularea de informa\u021bii din domenii diverse care s\u0103 ne ajute s\u0103 dep\u0103\u0219im momentele dificile \u0219i, implicit, s\u0103 sporeasc\u0103 \u0219ansele de succes \u00een via\u021b\u0103. Angaja\u021bi ai unei companii b\u0103im\u0103rene au decis, chiar dac\u0103 timpul le este limitat, au acceptat promovarea de a se perfec\u021biona, iar o parte din timpul lor liber l-au investit \u00een \u0219coal\u0103, tocmai pentru c\u0103 \u00eentrev\u0103d posibilitatea de a ob\u021bine noi competen\u021be \u0219i, de ce nu, un loc de munc\u0103 potrivit preg\u0103tirii lor.<\/p>\n<p>Echipa proiectului <strong>\u201c\u00cenv\u0103\u021bare continu\u0103, o decizie bun\u0103 pentru carier\u0103!\u201d<\/strong> i-a \u00eent\u00e2lnit \u00een cadrul unui eveniment organizat ast\u0103zi, iar discu\u021biile au fost mai mult dec\u00e2t interesante.<\/p>\n<p>Concluzia a fost aceea c\u0103 e dreptul fiec\u0103ruia de a dovedi c\u0103 este bun \u0219i c\u0103 poate mai mult, mentalitate care este un punct forte \u00een compara\u021bie cu cei care se complac \u0219i apoi se lamenteaz\u0103. Prin urmare, chiar merit\u0103 felicit\u0103ri cei care nu stau deoparte \u0219i cred c\u0103 omul c\u00e2t tr\u0103ie\u0219te \u00eenva\u021b\u0103. Activitatea de azi a \u00eencheiat finalizarea cu succes a unui nou curs de formare profesional\u0103, pe care echipa proiectului l-a organizat pentru adul\u021bii interesa\u021bi s\u0103 dob\u00e2ndeasc\u0103 noi competen\u021be informatice.<\/p>\n<ul>\n<li><a href=\"https:\/\/invatarecontinua.assoc.ro\/wp-content\/uploads\/2022\/01\/2021_Octombrie13_135494.pdf\">Vezi postare Facebook<\/a><\/li>\n<li><a href=\"https:\/\/www.facebook.com\/asociatia.assoc\/posts\/4597097743684902\">Link postare Facebook\u00a0<\/a><\/li>\n<\/ul>\n","protected":false},"excerpt":{"rendered":"<p>Fiecare dintre noi avem dreptul la o educa\u021bie egal\u0103, astfel c\u0103 ar trebui s\u0103 ne intereseze educa\u021bia proprie, acumularea de informa\u021bii din domenii diverse care s\u0103 ne ajute s\u0103 dep\u0103\u0219im momentele dificile \u0219i, implicit, s\u0103 sporeasc\u0103 \u0219ansele de succes \u00een via\u021b\u0103. Angaja\u021bi ai unei companii b\u0103im\u0103rene au decis, chiar dac\u0103 timpul le este limitat, au [&hellip;]<\/p>\n","protected":false},"author":1,"featured_media":335,"comment_status":"open","ping_status":"closed","sticky":false,"template":"","format":"standard","meta":{"footnotes":""},"categories":[6],"tags":[],"class_list":["post-332","post","type-post","status-publish","format-standard","has-post-thumbnail","hentry","category-noutati"],"_links":{"self":[{"href":"https:\/\/invatarecontinua.assoc.ro\/index.php?rest_route=\/wp\/v2\/posts\/332","targetHints":{"allow":["GET"]}}],"collection":[{"href":"https:\/\/invatarecontinua.assoc.ro\/index.php?rest_route=\/wp\/v2\/posts"}],"about":[{"href":"https:\/\/invatarecontinua.assoc.ro\/index.php?rest_route=\/wp\/v2\/types\/post"}],"author":[{"embeddable":true,"href":"https:\/\/invatarecontinua.assoc.ro\/index.php?rest_route=\/wp\/v2\/users\/1"}],"replies":[{"embeddable":true,"href":"https:\/\/invatarecontinua.assoc.ro\/index.php?rest_route=%2Fwp%2Fv2%2Fcomments&post=332"}],"version-history":[{"count":2,"href":"https:\/\/invatarecontinua.assoc.ro\/index.php?rest_route=\/wp\/v2\/posts\/332\/revisions"}],"predecessor-version":[{"id":378,"href":"https:\/\/invatarecontinua.assoc.ro\/index.php?rest_route=\/wp\/v2\/posts\/332\/revisions\/378"}],"wp:featuredmedia":[{"embeddable":true,"href":"https:\/\/invatarecontinua.assoc.ro\/index.php?rest_route=\/wp\/v2\/media\/335"}],"wp:attachment":[{"href":"https:\/\/invatarecontinua.assoc.ro\/index.php?rest_route=%2Fwp%2Fv2%2Fmedia&parent=332"}],"wp:term":[{"taxonomy":"category","embeddable":true,"href":"https:\/\/invatarecontinua.assoc.ro\/index.php?rest_route=%2Fwp%2Fv2%2Fcategories&post=332"},{"taxonomy":"post_tag","embeddable":true,"href":"https:\/\/invatarecontinua.assoc.ro\/index.php?rest_route=%2Fwp%2Fv2%2Ftags&post=332"}],"curies":[{"name":"wp","href":"https:\/\/api.w.org\/{rel}","templated":true}]}}