{"id":487,"date":"2026-04-09T15:16:13","date_gmt":"2026-04-09T15:16:13","guid":{"rendered":"https:\/\/invatarecontinua.assoc.ro\/?p=487"},"modified":"2026-04-09T15:16:13","modified_gmt":"2026-04-09T15:16:13","slug":"21-august-2022-oportunitati-de-invatare-si-profesionalizare-pentru-cei-care-au-parasit-timpuriu-scoala","status":"publish","type":"post","link":"https:\/\/invatarecontinua.assoc.ro\/?p=487","title":{"rendered":"21 septembrie 2022: Oportunit\u0103\u021bi de \u00eenv\u0103\u021bare \u0219i profesionalizare pentru cei care au p\u0103r\u0103sit timpuriu \u0219coala"},"content":{"rendered":"<p><img fetchpriority=\"high\" decoding=\"async\" class=\"alignnone size-full wp-image-485\" src=\"https:\/\/invatarecontinua.assoc.ro\/wp-content\/uploads\/2022\/09\/308007401_5634153753312624_8350581463882246185_n.jpg\" alt=\"\" width=\"1362\" height=\"1362\" srcset=\"https:\/\/invatarecontinua.assoc.ro\/wp-content\/uploads\/2022\/09\/308007401_5634153753312624_8350581463882246185_n.jpg 1362w, https:\/\/invatarecontinua.assoc.ro\/wp-content\/uploads\/2022\/09\/308007401_5634153753312624_8350581463882246185_n-300x300.jpg 300w, https:\/\/invatarecontinua.assoc.ro\/wp-content\/uploads\/2022\/09\/308007401_5634153753312624_8350581463882246185_n-1024x1024.jpg 1024w, https:\/\/invatarecontinua.assoc.ro\/wp-content\/uploads\/2022\/09\/308007401_5634153753312624_8350581463882246185_n-150x150.jpg 150w, https:\/\/invatarecontinua.assoc.ro\/wp-content\/uploads\/2022\/09\/308007401_5634153753312624_8350581463882246185_n-768x768.jpg 768w, https:\/\/invatarecontinua.assoc.ro\/wp-content\/uploads\/2022\/09\/308007401_5634153753312624_8350581463882246185_n-1200x1200.jpg 1200w\" sizes=\"(max-width: 1362px) 100vw, 1362px\" \/>Proiectul \u201c\ud835\udc3c\u0302\ud835\udc5b\ud835\udc63\ud835\udc4e\u0306\ud835\udc61\u0326\ud835\udc4e\ud835\udc5f\ud835\udc52 \ud835\udc50\ud835\udc5c\ud835\udc5b\ud835\udc61\ud835\udc56\ud835\udc5b\ud835\udc62\ud835\udc4e\u0306, \ud835\udc5c \ud835\udc51\ud835\udc52\ud835\udc50\ud835\udc56\ud835\udc67\ud835\udc56\ud835\udc52 \ud835\udc4f\ud835\udc62\ud835\udc5b\ud835\udc4e\u0306 \ud835\udc5d\ud835\udc52\ud835\udc5b\ud835\udc61\ud835\udc5f\ud835\udc62 \ud835\udc50\ud835\udc4e\ud835\udc5f\ud835\udc56\ud835\udc52\ud835\udc5f\ud835\udc4e\u0306!\u201d (POCU\/726\/6\/12\/135494), pe care Asocia\u021bia ASSOC l-a lansat \u00een 1 martie 2021, s-a concentrat pe oferirea de oportunit\u0103\u021bi de \u00eenv\u0103\u021bare \u0219i profesionalizare pentru cei care au p\u0103r\u0103sit timpuriu \u0219coala ori nu au o calificare.<\/p>\n<p>Din experien\u021ba proiectelor anterioare, speciali\u0219tii ASSOC au constatat c\u0103 abandonul \u015fcolar produce efecte \u00een lan\u021b. \u00cent\u00eei sunt afecta\u021bi copiii, apoi familia \u0219i comunitatea.<\/p>\n<p>Impactul \u00eenv\u0103\u021b\u0103rii pe genunchi fie la v\u00e2rst\u0103 \u0219colar\u0103, fie la cea adult\u0103 am \u00eenceput s\u0103 \u00eel resim\u021bim cu to\u021bii \u00een Rom\u00e2nia, iar primul efect \u00eel vedem \u00een buzunare. \u00cen primul r\u00e2nd. \ud835\udc59\ud835\udc56\ud835\udc5d\ud835\udc60\ud835\udc4e \ud835\udc5a\ud835\udc62\ud835\udc5b\ud835\udc50\ud835\udc56\ud835\udc56 \ud835\udc50\ud835\udc4e\ud835\udc59\ud835\udc56\ud835\udc53\ud835\udc56\ud835\udc50\ud835\udc4e\ud835\udc61\ud835\udc52 a f\u0103cut din \u021bara noastr\u0103 un teren prielnic pentru companiile care caut\u0103 for\u021b\u0103 de munc\u0103 ieftin\u0103, dar a \u0219i blocat dezvolarea unor afaceri de perspectiv\u0103, cu idei inovative.<\/p>\n<p>\u00cen \u00eent\u00e2lnirile pe care echipa de proiect le are se pun \u00een discu\u021bie \u0219i aceste aspecte, tocmai pentru ca \ud835\udc5c\ud835\udc4e\ud835\udc5a\ud835\udc52\ud835\udc5b\ud835\udc56\ud835\udc56 \ud835\udc60\ud835\udc4e\u0306 \ud835\udc50\ud835\udc5c\ud835\udc5b\ud835\udc60\u0326\ud835\udc61\ud835\udc56\ud835\udc52\ud835\udc5b\ud835\udc61\ud835\udc56\ud835\udc67\ud835\udc52 \ud835\udc56\ud835\udc5a\ud835\udc5d\ud835\udc5c\ud835\udc5f\ud835\udc61\ud835\udc4e\ud835\udc5b\ud835\udc61\u0326\ud835\udc4e \ud835\udc56\u0302\ud835\udc5b\ud835\udc63\ud835\udc4e\u0306\ud835\udc61\u0326\ud835\udc4e\u0306\ud835\udc5f\ud835\udc56\ud835\udc56 \ud835\udc5d\ud835\udc52 \ud835\udc61\ud835\udc5c\ud835\udc61 \ud835\udc5d\ud835\udc4e\ud835\udc5f\ud835\udc50\ud835\udc62\ud835\udc5f\ud835\udc60\ud835\udc62\ud835\udc59 \ud835\udc63\ud835\udc56\ud835\udc52\ud835\udc61\u0326\ud835\udc56\ud835\udc56. Iar, dac\u0103 genera\u021biile adulte de p\u00e2n\u0103 acum, ni s-au dat maai pu\u021bine \u0219anse este bine s\u0103 le cre\u0103m \u0219i s\u0103 le \u00eencuraj\u0103m pe viitor.<\/p>\n<ul>\n<li><a href=\"https:\/\/invatarecontinua.assoc.ro\/wp-content\/uploads\/2022\/09\/01_2022_21Septembrie_135494.pdf\"><strong>Vezi postare Facebook<\/strong><\/a><\/li>\n<li><a href=\"https:\/\/www.facebook.com\/asociatia.assoc\/posts\/pfbid04qNUewADGh5hiwYKa65DGJUtU2j7sZNzhJP1fBPEMxHvWraUUhFpuyxraQvhXF2ql\"><strong>Link postare Facebook<\/strong><\/a><\/li>\n<\/ul>\n","protected":false},"excerpt":{"rendered":"<p>Proiectul \u201c\ud835\udc3c\u0302\ud835\udc5b\ud835\udc63\ud835\udc4e\u0306\ud835\udc61\u0326\ud835\udc4e\ud835\udc5f\ud835\udc52 \ud835\udc50\ud835\udc5c\ud835\udc5b\ud835\udc61\ud835\udc56\ud835\udc5b\ud835\udc62\ud835\udc4e\u0306, \ud835\udc5c \ud835\udc51\ud835\udc52\ud835\udc50\ud835\udc56\ud835\udc67\ud835\udc56\ud835\udc52 \ud835\udc4f\ud835\udc62\ud835\udc5b\ud835\udc4e\u0306 \ud835\udc5d\ud835\udc52\ud835\udc5b\ud835\udc61\ud835\udc5f\ud835\udc62 \ud835\udc50\ud835\udc4e\ud835\udc5f\ud835\udc56\ud835\udc52\ud835\udc5f\ud835\udc4e\u0306!\u201d (POCU\/726\/6\/12\/135494), pe care Asocia\u021bia ASSOC l-a lansat \u00een 1 martie 2021, s-a concentrat pe oferirea de oportunit\u0103\u021bi de \u00eenv\u0103\u021bare \u0219i profesionalizare pentru cei care au p\u0103r\u0103sit timpuriu \u0219coala ori nu au o calificare. Din experien\u021ba proiectelor anterioare, speciali\u0219tii ASSOC au constatat c\u0103 abandonul \u015fcolar produce efecte \u00een [&hellip;]<\/p>\n","protected":false},"author":1,"featured_media":484,"comment_status":"open","ping_status":"closed","sticky":false,"template":"","format":"standard","meta":{"footnotes":""},"categories":[7,6],"tags":[],"class_list":["post-487","post","type-post","status-publish","format-standard","has-post-thumbnail","hentry","category-comunicate","category-noutati"],"_links":{"self":[{"href":"https:\/\/invatarecontinua.assoc.ro\/index.php?rest_route=\/wp\/v2\/posts\/487","targetHints":{"allow":["GET"]}}],"collection":[{"href":"https:\/\/invatarecontinua.assoc.ro\/index.php?rest_route=\/wp\/v2\/posts"}],"about":[{"href":"https:\/\/invatarecontinua.assoc.ro\/index.php?rest_route=\/wp\/v2\/types\/post"}],"author":[{"embeddable":true,"href":"https:\/\/invatarecontinua.assoc.ro\/index.php?rest_route=\/wp\/v2\/users\/1"}],"replies":[{"embeddable":true,"href":"https:\/\/invatarecontinua.assoc.ro\/index.php?rest_route=%2Fwp%2Fv2%2Fcomments&post=487"}],"version-history":[{"count":4,"href":"https:\/\/invatarecontinua.assoc.ro\/index.php?rest_route=\/wp\/v2\/posts\/487\/revisions"}],"predecessor-version":[{"id":491,"href":"https:\/\/invatarecontinua.assoc.ro\/index.php?rest_route=\/wp\/v2\/posts\/487\/revisions\/491"}],"wp:featuredmedia":[{"embeddable":true,"href":"https:\/\/invatarecontinua.assoc.ro\/index.php?rest_route=\/wp\/v2\/media\/484"}],"wp:attachment":[{"href":"https:\/\/invatarecontinua.assoc.ro\/index.php?rest_route=%2Fwp%2Fv2%2Fmedia&parent=487"}],"wp:term":[{"taxonomy":"category","embeddable":true,"href":"https:\/\/invatarecontinua.assoc.ro\/index.php?rest_route=%2Fwp%2Fv2%2Fcategories&post=487"},{"taxonomy":"post_tag","embeddable":true,"href":"https:\/\/invatarecontinua.assoc.ro\/index.php?rest_route=%2Fwp%2Fv2%2Ftags&post=487"}],"curies":[{"name":"wp","href":"https:\/\/api.w.org\/{rel}","templated":true}]}}