{"id":539,"date":"2026-04-09T15:16:14","date_gmt":"2026-04-09T15:16:14","guid":{"rendered":"https:\/\/invatarecontinua.assoc.ro\/?p=539"},"modified":"2026-04-09T15:16:14","modified_gmt":"2026-04-09T15:16:14","slug":"17-februarie-2023-inteligenta-artificiala-si-imperfectiunea-umana-invitatie-eveniment","status":"publish","type":"post","link":"https:\/\/invatarecontinua.assoc.ro\/?p=539","title":{"rendered":"17 februarie 2023: Inteligen\u0163a artificial\u0103 \u015fi imperfec\u0163iunea uman\u0103 &#8211; Invita\u021bie eveniment"},"content":{"rendered":"<p><strong><img fetchpriority=\"high\" decoding=\"async\" class=\"alignnone size-full wp-image-537\" src=\"https:\/\/invatarecontinua.assoc.ro\/wp-content\/uploads\/2023\/02\/06_2023_17Februarie_135494.png\" alt=\"\" width=\"959\" height=\"540\" srcset=\"https:\/\/invatarecontinua.assoc.ro\/wp-content\/uploads\/2023\/02\/06_2023_17Februarie_135494.png 959w, https:\/\/invatarecontinua.assoc.ro\/wp-content\/uploads\/2023\/02\/06_2023_17Februarie_135494-300x169.png 300w, https:\/\/invatarecontinua.assoc.ro\/wp-content\/uploads\/2023\/02\/06_2023_17Februarie_135494-768x432.png 768w\" sizes=\"(max-width: 959px) 100vw, 959px\" \/>Inteligen\u0163a artificial\u0103 \u015fi imperfec\u0163iunea uman\u0103<\/strong><br \/>\nO conferin\u0163\u0103 public\u0103 despre bune practici de integrare a persoanelor cu dizabilit\u0103\u0163i, respectiv despre strategiile na\u0163ionale \u00een domeniul incluziunii grupurilor vulnerabile organiz\u0103m<br \/>\n<strong>Mar\u0163i, 21 februarie 2023, ora 14.00 \u2013 16.30 la Centrul Universitar Nord Baia Mare &#8211; Aul\u0103 (Strada Victor Babe\u015f 62A, Baia Mare)<\/strong><br \/>\nInvita\u0163i speciali sunt <strong>Elena Dobre<\/strong> &#8211; director la Ministerul Muncii \u015fi Protec\u0163iei Sociale \u015fi <strong>Monica Solomie<\/strong> &#8211; \u015fef serviciu la Autoritatea Na\u0163ional\u0103 pentru Protec\u0163ia Drepturilor Persoanelor cu Dizabilit\u0103\u0163i.<br \/>\nAsocia\u0163ia ASSOC militeaz\u0103 de 27 de ani pentru drepturile grupurilor vulnerabile, \u00eendeosebi a persoanelor cu dizabilit\u0103\u0163i \u015fi, \u00een toate proiectele derulate de-a lungul acestei perioade, a promovat toleran\u0163\u0103 \u015fi a propus solu\u0163ii pentru acestea.<br \/>\nEvenimentul organizat \u00een cadrul proiectului <strong>\u201c\u00cenv\u0103\u0163are continu\u0103, o decizie bun\u0103 pentru carier\u0103!\u201d<\/strong> (POCU\/726\/6\/12\/135494) se \u00eenscrie \u00een eforturile organiza\u0163iei noastre de promovare a unor ini\u0163iative inovative destinate persoanelor cu dizabilit\u0103\u0163i \u015fi a celor din grupuri vulnerabile, iar pentru asta am apelat la speciali\u015fti care s\u0103 analizeze situa\u0163ia cu bune \u015fi rele.<\/p>\n<ul>\n<li><a href=\"https:\/\/invatarecontinua.assoc.ro\/wp-content\/uploads\/2023\/02\/05_2023_17Februarie_135494.pdf\"><strong>Vezi postare Facebook<\/strong><\/a><\/li>\n<li><a href=\"https:\/\/www.facebook.com\/asociatia.assoc\/posts\/pfbid0a8SZSkd2YaqHoAgjoDySsAvbhCCdbDxcjXfuE5g8bg7CopwQLyxKpgTmmJDwRNxrl\"><strong>Link postare Facebook<\/strong><\/a><\/li>\n<\/ul>\n","protected":false},"excerpt":{"rendered":"<p>Inteligen\u0163a artificial\u0103 \u015fi imperfec\u0163iunea uman\u0103 O conferin\u0163\u0103 public\u0103 despre bune practici de integrare a persoanelor cu dizabilit\u0103\u0163i, respectiv despre strategiile na\u0163ionale \u00een domeniul incluziunii grupurilor vulnerabile organiz\u0103m Mar\u0163i, 21 februarie 2023, ora 14.00 \u2013 16.30 la Centrul Universitar Nord Baia Mare &#8211; Aul\u0103 (Strada Victor Babe\u015f 62A, Baia Mare) Invita\u0163i speciali sunt Elena Dobre &#8211; [&hellip;]<\/p>\n","protected":false},"author":1,"featured_media":537,"comment_status":"open","ping_status":"closed","sticky":false,"template":"","format":"standard","meta":{"footnotes":""},"categories":[7,6],"tags":[],"class_list":["post-539","post","type-post","status-publish","format-standard","has-post-thumbnail","hentry","category-comunicate","category-noutati"],"_links":{"self":[{"href":"https:\/\/invatarecontinua.assoc.ro\/index.php?rest_route=\/wp\/v2\/posts\/539","targetHints":{"allow":["GET"]}}],"collection":[{"href":"https:\/\/invatarecontinua.assoc.ro\/index.php?rest_route=\/wp\/v2\/posts"}],"about":[{"href":"https:\/\/invatarecontinua.assoc.ro\/index.php?rest_route=\/wp\/v2\/types\/post"}],"author":[{"embeddable":true,"href":"https:\/\/invatarecontinua.assoc.ro\/index.php?rest_route=\/wp\/v2\/users\/1"}],"replies":[{"embeddable":true,"href":"https:\/\/invatarecontinua.assoc.ro\/index.php?rest_route=%2Fwp%2Fv2%2Fcomments&post=539"}],"version-history":[{"count":3,"href":"https:\/\/invatarecontinua.assoc.ro\/index.php?rest_route=\/wp\/v2\/posts\/539\/revisions"}],"predecessor-version":[{"id":542,"href":"https:\/\/invatarecontinua.assoc.ro\/index.php?rest_route=\/wp\/v2\/posts\/539\/revisions\/542"}],"wp:featuredmedia":[{"embeddable":true,"href":"https:\/\/invatarecontinua.assoc.ro\/index.php?rest_route=\/wp\/v2\/media\/537"}],"wp:attachment":[{"href":"https:\/\/invatarecontinua.assoc.ro\/index.php?rest_route=%2Fwp%2Fv2%2Fmedia&parent=539"}],"wp:term":[{"taxonomy":"category","embeddable":true,"href":"https:\/\/invatarecontinua.assoc.ro\/index.php?rest_route=%2Fwp%2Fv2%2Fcategories&post=539"},{"taxonomy":"post_tag","embeddable":true,"href":"https:\/\/invatarecontinua.assoc.ro\/index.php?rest_route=%2Fwp%2Fv2%2Ftags&post=539"}],"curies":[{"name":"wp","href":"https:\/\/api.w.org\/{rel}","templated":true}]}}