{"id":546,"date":"2026-04-09T15:16:14","date_gmt":"2026-04-09T15:16:14","guid":{"rendered":"https:\/\/invatarecontinua.assoc.ro\/?p=546"},"modified":"2026-04-09T15:16:14","modified_gmt":"2026-04-09T15:16:14","slug":"546","status":"publish","type":"post","link":"https:\/\/invatarecontinua.assoc.ro\/?p=546","title":{"rendered":"22 februarie 2023: Inteligen\u0163a artificial\u0103 \u015fi imperfec\u0163iunea uman\u0103"},"content":{"rendered":"<p><img fetchpriority=\"high\" decoding=\"async\" class=\"alignnone size-full wp-image-543\" src=\"https:\/\/invatarecontinua.assoc.ro\/wp-content\/uploads\/2023\/02\/09_2023_22Februarie_135494.jpg\" alt=\"\" width=\"2048\" height=\"1152\" srcset=\"https:\/\/invatarecontinua.assoc.ro\/wp-content\/uploads\/2023\/02\/09_2023_22Februarie_135494.jpg 2048w, https:\/\/invatarecontinua.assoc.ro\/wp-content\/uploads\/2023\/02\/09_2023_22Februarie_135494-300x169.jpg 300w, https:\/\/invatarecontinua.assoc.ro\/wp-content\/uploads\/2023\/02\/09_2023_22Februarie_135494-1024x576.jpg 1024w, https:\/\/invatarecontinua.assoc.ro\/wp-content\/uploads\/2023\/02\/09_2023_22Februarie_135494-768x432.jpg 768w, https:\/\/invatarecontinua.assoc.ro\/wp-content\/uploads\/2023\/02\/09_2023_22Februarie_135494-1536x864.jpg 1536w, https:\/\/invatarecontinua.assoc.ro\/wp-content\/uploads\/2023\/02\/09_2023_22Februarie_135494-1200x675.jpg 1200w, https:\/\/invatarecontinua.assoc.ro\/wp-content\/uploads\/2023\/02\/09_2023_22Februarie_135494-1980x1114.jpg 1980w\" sizes=\"(max-width: 2048px) 100vw, 2048px\" \/>Un eveniment public dedicat incluziunii persoanelor cu dizabilit\u0103\u0163i \u00een societate a fost organizat de echipa proiectului <strong>\u201c\u00cenv\u0103\u0163are continu\u0103, o decizie bun\u0103 pentru carier\u0103!\u201d<\/strong> cu scopul sensibiliz\u0103rii \u015fi inform\u0103rii despre bune practici \u00een domeniu.Evenimentul s-a \u00eenscris \u00een eforturile de promovare a unor ini\u0163iative inovative destinate persoanelor cu dizabilit\u0103\u0163i \u015fi a celor din grupuri vulnerabile, iar pentru asta am apelat la speciali\u015fti care s\u0103 analizeze situa\u0163ia cu bune \u015fi rele.Acesta a reunit speciali\u015fti din domenii diverse (antreprenori, legiuitori, asisten\u0163i sociali \u015fi psihologi) precum \u015fi persoane cu dizabilit\u0103\u0163i, care \u015fi-au prezentat punctul de vedere \u00een ce prive\u015fte modelele de urmat \u00een ce prive\u015fte incluziunea, gre\u015felile f\u0103cute p\u00e2n\u0103 \u00een prezent \u015fi perspectivele avute \u00een vedere de statul roman pentru \u00eembun\u0103t\u0103\u0163irea situa\u0163iei.<br \/>\nEvenimentul s-a bucurat de prezen\u0163\u0103 a doua reputate specialiste \u00een ce prive\u015fte tematica asisten\u0163ei sociale:<br \/>\n<strong>Elena Dobre<\/strong><em> &#8211; director la Ministerul Muncii \u015fi Protec\u0163iei Sociale<\/em><br \/>\n<strong>Monica Solomie<\/strong> <em>&#8211; \u015fef serviciu la Autoritatea Na\u0163ional\u0103 pentru Protec\u0163ia Drepturilor Persoanelor cu Dizabilit\u0103\u0163i<\/em><br \/>\nDe asemenea, a onorat cu prezen\u0163a \u015fi un antreprenor local, persoan\u0103 cu dizabilitate, dar, totodat\u0103, \u015fi angajator al uneia:<br \/>\n<strong>Luczai Karoly,<\/strong> care a discutat despre experien\u0163a de via\u0163\u0103 a unei persoane cu transplant renal, reu\u015find prin prezentarea sa s\u0103 sublinieze importanta don\u0103rii de organe.<br \/>\nDe asemenea, cei prezen\u021bi s-au putut convinge despre c\u00e2t de importante sunt \u00eencuraj\u0103rile pentru persoanele cu dizabilit\u0103\u0163i, iar exemplul relevant a fost prezentat de: <strong>Iasmina Nemtov,<\/strong> <em>specialist Marketing \u015fi Media \u00een compania Bertus SRL<\/em>, care a vorbit despre bun\u0103 colaborare pe care firma o are cu ASSOC. \u00cen fapt, parteneriatul public-privat de succes derulat pe plan local \u015fi care implic\u0103 adul\u0163i cu dizabilit\u0103\u0163i din Centrul de Zi ASSOC \u015fi Centrul \u201cPinochio\u201d C\u0103rbunari prive\u015fte implicarea \u00een activit\u0103\u0163i lucrative a beneficiarilor, ace\u015ftia ajut\u00e2nd la confec\u0163ionarea unor produse pe care compania le distribuie \u00een mod gratuit clien\u0163ilor.<\/p>\n<ul>\n<li><a href=\"https:\/\/invatarecontinua.assoc.ro\/wp-content\/uploads\/2023\/02\/07_2023_22Februarie_135494.pdf\"><strong>Vezi postare Facebook<\/strong><\/a><\/li>\n<li><a href=\"https:\/\/www.facebook.com\/asociatia.assoc\/posts\/pfbid02YePAKpzTZNZEf2SnDLShCbzWu3tMR7AXrvZqXzoF1q2iUbMmLLoWPbCqLFunAtv2l\"><strong>Link postare Facebook<\/strong><\/a><\/li>\n<\/ul>\n","protected":false},"excerpt":{"rendered":"<p>Un eveniment public dedicat incluziunii persoanelor cu dizabilit\u0103\u0163i \u00een societate a fost organizat de echipa proiectului \u201c\u00cenv\u0103\u0163are continu\u0103, o decizie bun\u0103 pentru carier\u0103!\u201d cu scopul sensibiliz\u0103rii \u015fi inform\u0103rii despre bune practici \u00een domeniu.Evenimentul s-a \u00eenscris \u00een eforturile de promovare a unor ini\u0163iative inovative destinate persoanelor cu dizabilit\u0103\u0163i \u015fi a celor din grupuri vulnerabile, iar pentru [&hellip;]<\/p>\n","protected":false},"author":1,"featured_media":545,"comment_status":"open","ping_status":"closed","sticky":false,"template":"","format":"standard","meta":{"footnotes":""},"categories":[7,6],"tags":[],"class_list":["post-546","post","type-post","status-publish","format-standard","has-post-thumbnail","hentry","category-comunicate","category-noutati"],"_links":{"self":[{"href":"https:\/\/invatarecontinua.assoc.ro\/index.php?rest_route=\/wp\/v2\/posts\/546","targetHints":{"allow":["GET"]}}],"collection":[{"href":"https:\/\/invatarecontinua.assoc.ro\/index.php?rest_route=\/wp\/v2\/posts"}],"about":[{"href":"https:\/\/invatarecontinua.assoc.ro\/index.php?rest_route=\/wp\/v2\/types\/post"}],"author":[{"embeddable":true,"href":"https:\/\/invatarecontinua.assoc.ro\/index.php?rest_route=\/wp\/v2\/users\/1"}],"replies":[{"embeddable":true,"href":"https:\/\/invatarecontinua.assoc.ro\/index.php?rest_route=%2Fwp%2Fv2%2Fcomments&post=546"}],"version-history":[{"count":4,"href":"https:\/\/invatarecontinua.assoc.ro\/index.php?rest_route=\/wp\/v2\/posts\/546\/revisions"}],"predecessor-version":[{"id":550,"href":"https:\/\/invatarecontinua.assoc.ro\/index.php?rest_route=\/wp\/v2\/posts\/546\/revisions\/550"}],"wp:featuredmedia":[{"embeddable":true,"href":"https:\/\/invatarecontinua.assoc.ro\/index.php?rest_route=\/wp\/v2\/media\/545"}],"wp:attachment":[{"href":"https:\/\/invatarecontinua.assoc.ro\/index.php?rest_route=%2Fwp%2Fv2%2Fmedia&parent=546"}],"wp:term":[{"taxonomy":"category","embeddable":true,"href":"https:\/\/invatarecontinua.assoc.ro\/index.php?rest_route=%2Fwp%2Fv2%2Fcategories&post=546"},{"taxonomy":"post_tag","embeddable":true,"href":"https:\/\/invatarecontinua.assoc.ro\/index.php?rest_route=%2Fwp%2Fv2%2Ftags&post=546"}],"curies":[{"name":"wp","href":"https:\/\/api.w.org\/{rel}","templated":true}]}}