{"id":567,"date":"2026-04-09T15:16:14","date_gmt":"2026-04-09T15:16:14","guid":{"rendered":"https:\/\/invatarecontinua.assoc.ro\/?p=567"},"modified":"2026-04-09T15:16:14","modified_gmt":"2026-04-09T15:16:14","slug":"14-martie-2023-peste-900-de-angajati-invatati-sa-ia-decizii-bune-in-cariera","status":"publish","type":"post","link":"https:\/\/invatarecontinua.assoc.ro\/?p=567","title":{"rendered":"14 Martie 2023 &#8211; Peste 900 de angaja\u0163i, \u00eenv\u0103\u0163a\u0163i s\u0103 ia decizii bune \u00een carier\u0103"},"content":{"rendered":"<p><img fetchpriority=\"high\" decoding=\"async\" class=\"alignnone size-full wp-image-565\" src=\"https:\/\/invatarecontinua.assoc.ro\/wp-content\/uploads\/2023\/03\/05_2023_14Martie_135494.jpg\" alt=\"\" width=\"2048\" height=\"1152\" srcset=\"https:\/\/invatarecontinua.assoc.ro\/wp-content\/uploads\/2023\/03\/05_2023_14Martie_135494.jpg 2048w, https:\/\/invatarecontinua.assoc.ro\/wp-content\/uploads\/2023\/03\/05_2023_14Martie_135494-300x169.jpg 300w, https:\/\/invatarecontinua.assoc.ro\/wp-content\/uploads\/2023\/03\/05_2023_14Martie_135494-1024x576.jpg 1024w, https:\/\/invatarecontinua.assoc.ro\/wp-content\/uploads\/2023\/03\/05_2023_14Martie_135494-768x432.jpg 768w, https:\/\/invatarecontinua.assoc.ro\/wp-content\/uploads\/2023\/03\/05_2023_14Martie_135494-1536x864.jpg 1536w, https:\/\/invatarecontinua.assoc.ro\/wp-content\/uploads\/2023\/03\/05_2023_14Martie_135494-1200x675.jpg 1200w, https:\/\/invatarecontinua.assoc.ro\/wp-content\/uploads\/2023\/03\/05_2023_14Martie_135494-1980x1114.jpg 1980w\" sizes=\"(max-width: 2048px) 100vw, 2048px\" \/>Reu\u015fitele unui proiect sunt relevante nu doar prin indicatorii atin\u015fi, ci \u015fi prin gradul de satisfac\u0163ie al celor implica\u0163i \u00een activit\u0103\u0163ile acestuia. Echipa \u015fi participan\u0163ii proiectului \u201c\u00cenv\u0103\u0163are continu\u0103, o decizie bun\u0103 pentru carier\u0103!\u201d, care s-a \u00eencheiat \u00een 28 februarie 2023 dup\u0103 2 ani de implementare, au toate motivele s\u0103 fie mul\u0163umi\u0163i de bilan\u0163ul activit\u0103\u0163ilor.\ud83d\udcc8 Membrii echipei \u015fi-au dep\u0103\u015fit a\u015ftept\u0103rile, iar angaja\u0163ii consilia\u0163i prin proiect au dob\u00e2ndit certific\u0103ri noi \u015fi au alte perspective profesionale.\u2705 Proiectul <strong>\u201c\u00cenv\u0103\u0163are continu\u0103, o decizie bun\u0103 pentru carier\u0103!\u201d<\/strong>, pe care Asocia\u0163ia ASSOC l-a lansat \u00een 1 martie 2021 s-a concentrat pe oferirea de oportunit\u0103\u0163i de \u00eenv\u0103\u0163are \u015fi profesionalizare pentru angaja\u0163ii care au p\u0103r\u0103sit timpuriu scoala ori nu aveau o calificare.#ASSOC #POCU #proiect #ID135494Comunicatul de pres\u0103 este disponibil <a href=\"https:\/\/www.assoc.ro\/comunicat-de-presa-peste-900-de-angajati-invatati-sa-ia-decizii-bune-in-cariera\/?fbclid=IwAR2EtTpJvk0D3DxS_3tzcMH9OERLVlXdfa--uUef02fFprR76224BE8u060\">aici<\/a><\/p>\n<ul>\n<li><a href=\"https:\/\/invatarecontinua.assoc.ro\/wp-content\/uploads\/2023\/03\/04_2023_14Martie_135494.pdf\">Vezi postare Facebook<\/a><\/li>\n<li><a href=\"https:\/\/www.facebook.com\/asociatia.assoc\/posts\/pfbid02d8CiAEoAysUhLV2nWZNE6QdNzqEw8TZEx27A49wsDzhNqJuGLeMiReHCersCjExFl\">Link postare Facebook<\/a><\/li>\n<\/ul>\n","protected":false},"excerpt":{"rendered":"<p>Reu\u015fitele unui proiect sunt relevante nu doar prin indicatorii atin\u015fi, ci \u015fi prin gradul de satisfac\u0163ie al celor implica\u0163i \u00een activit\u0103\u0163ile acestuia. Echipa \u015fi participan\u0163ii proiectului \u201c\u00cenv\u0103\u0163are continu\u0103, o decizie bun\u0103 pentru carier\u0103!\u201d, care s-a \u00eencheiat \u00een 28 februarie 2023 dup\u0103 2 ani de implementare, au toate motivele s\u0103 fie mul\u0163umi\u0163i de bilan\u0163ul activit\u0103\u0163ilor.\ud83d\udcc8 Membrii [&hellip;]<\/p>\n","protected":false},"author":1,"featured_media":560,"comment_status":"open","ping_status":"closed","sticky":false,"template":"","format":"standard","meta":{"footnotes":""},"categories":[7,6],"tags":[],"class_list":["post-567","post","type-post","status-publish","format-standard","has-post-thumbnail","hentry","category-comunicate","category-noutati"],"_links":{"self":[{"href":"https:\/\/invatarecontinua.assoc.ro\/index.php?rest_route=\/wp\/v2\/posts\/567","targetHints":{"allow":["GET"]}}],"collection":[{"href":"https:\/\/invatarecontinua.assoc.ro\/index.php?rest_route=\/wp\/v2\/posts"}],"about":[{"href":"https:\/\/invatarecontinua.assoc.ro\/index.php?rest_route=\/wp\/v2\/types\/post"}],"author":[{"embeddable":true,"href":"https:\/\/invatarecontinua.assoc.ro\/index.php?rest_route=\/wp\/v2\/users\/1"}],"replies":[{"embeddable":true,"href":"https:\/\/invatarecontinua.assoc.ro\/index.php?rest_route=%2Fwp%2Fv2%2Fcomments&post=567"}],"version-history":[{"count":2,"href":"https:\/\/invatarecontinua.assoc.ro\/index.php?rest_route=\/wp\/v2\/posts\/567\/revisions"}],"predecessor-version":[{"id":569,"href":"https:\/\/invatarecontinua.assoc.ro\/index.php?rest_route=\/wp\/v2\/posts\/567\/revisions\/569"}],"wp:featuredmedia":[{"embeddable":true,"href":"https:\/\/invatarecontinua.assoc.ro\/index.php?rest_route=\/wp\/v2\/media\/560"}],"wp:attachment":[{"href":"https:\/\/invatarecontinua.assoc.ro\/index.php?rest_route=%2Fwp%2Fv2%2Fmedia&parent=567"}],"wp:term":[{"taxonomy":"category","embeddable":true,"href":"https:\/\/invatarecontinua.assoc.ro\/index.php?rest_route=%2Fwp%2Fv2%2Fcategories&post=567"},{"taxonomy":"post_tag","embeddable":true,"href":"https:\/\/invatarecontinua.assoc.ro\/index.php?rest_route=%2Fwp%2Fv2%2Ftags&post=567"}],"curies":[{"name":"wp","href":"https:\/\/api.w.org\/{rel}","templated":true}]}}